{"id":717,"date":"2022-04-11T11:52:48","date_gmt":"2022-04-11T09:52:48","guid":{"rendered":"https:\/\/www.rofa-group.com\/rofa-lehmer\/?p=717"},"modified":"2022-04-11T11:59:06","modified_gmt":"2022-04-11T09:59:06","slug":"ukrainehilfe-bruck-freut-sich-ueber-spende","status":"publish","type":"post","link":"https:\/\/www.rofa-group.com\/rofa-lehmer\/news\/ukrainehilfe-bruck-freut-sich-ueber-spende\/","title":{"rendered":"Ukrainehilfe Bruck freut sich \u00fcber Spende"},"content":{"rendered":"\t\t<div data-elementor-type=\"wp-post\" data-elementor-id=\"717\" class=\"elementor elementor-717\" data-elementor-post-type=\"post\">\n\t\t\t\t\t\t<section class=\"elementor-section elementor-top-section elementor-element elementor-element-613ae58 elementor-section-boxed elementor-section-height-default elementor-section-height-default\" data-id=\"613ae58\" data-element_type=\"section\" data-e-type=\"section\">\n\t\t\t\t\t\t<div class=\"elementor-container elementor-column-gap-default\">\n\t\t\t\t\t<div class=\"elementor-column elementor-col-100 elementor-top-column elementor-element elementor-element-c70fe2d\" data-id=\"c70fe2d\" data-element_type=\"column\" data-e-type=\"column\">\n\t\t\t<div class=\"elementor-widget-wrap elementor-element-populated\">\n\t\t\t\t\t\t<div class=\"elementor-element elementor-element-2d1e871 elementor-widget elementor-widget-heading\" data-id=\"2d1e871\" data-element_type=\"widget\" data-e-type=\"widget\" data-widget_type=\"heading.default\">\n\t\t\t\t\t<h1 class=\"elementor-heading-title elementor-size-default\">Ukrainehilfe Bruck freut sich \u00fcber Spende<\/h1>\t\t\t\t<\/div>\n\t\t\t\t<section class=\"elementor-section elementor-inner-section elementor-element elementor-element-ab09328 elementor-section-boxed elementor-section-height-default elementor-section-height-default\" data-id=\"ab09328\" data-element_type=\"section\" data-e-type=\"section\">\n\t\t\t\t\t\t<div class=\"elementor-container elementor-column-gap-no\">\n\t\t\t\t\t<div class=\"elementor-column elementor-col-50 elementor-inner-column elementor-element elementor-element-cd838c9\" data-id=\"cd838c9\" data-element_type=\"column\" data-e-type=\"column\">\n\t\t\t<div class=\"elementor-widget-wrap elementor-element-populated\">\n\t\t\t\t\t\t<div class=\"elementor-element elementor-element-49af3c5 elementor-widget elementor-widget-image\" data-id=\"49af3c5\" data-element_type=\"widget\" data-e-type=\"widget\" data-widget_type=\"image.default\">\n\t\t\t\t\t\t\t\t\t\t\t\t<figure class=\"wp-caption\">\n\t\t\t\t\t\t\t\t\t\t<img fetchpriority=\"high\" decoding=\"async\" width=\"800\" height=\"600\" src=\"https:\/\/www.rofa-group.com\/rofa-lehmer\/wp-content\/uploads\/sites\/6\/Spendenuebergabe_ROFA-Lehmer.jpg\" class=\"attachment-large size-large wp-image-718\" alt=\"Spenden\u00fcbergabe ROFA Lehmer\" srcset=\"https:\/\/www.rofa-group.com\/rofa-lehmer\/wp-content\/uploads\/sites\/6\/Spendenuebergabe_ROFA-Lehmer.jpg 800w, https:\/\/www.rofa-group.com\/rofa-lehmer\/wp-content\/uploads\/sites\/6\/Spendenuebergabe_ROFA-Lehmer-300x225.jpg 300w, https:\/\/www.rofa-group.com\/rofa-lehmer\/wp-content\/uploads\/sites\/6\/Spendenuebergabe_ROFA-Lehmer-768x576.jpg 768w, https:\/\/www.rofa-group.com\/rofa-lehmer\/wp-content\/uploads\/sites\/6\/Spendenuebergabe_ROFA-Lehmer-600x450.jpg 600w\" sizes=\"(max-width: 800px) 100vw, 800px\" \/>\t\t\t\t\t\t\t\t\t\t\t<figcaption class=\"widget-image-caption wp-caption-text\">Stefan Brandl (rechts) \u00fcbergibt \u20ac2.000 an Hans-J\u00fcrgen Wittmann, erster Vorsitzender des Brucker Ukrainehilfsverein<\/figcaption>\n\t\t\t\t\t\t\t\t\t\t<\/figure>\n\t\t\t\t\t\t\t\t\t<\/div>\n\t\t\t\t\t<\/div>\n\t\t<\/div>\n\t\t\t\t<div class=\"elementor-column elementor-col-50 elementor-inner-column elementor-element elementor-element-06d6ed0\" data-id=\"06d6ed0\" data-element_type=\"column\" data-e-type=\"column\">\n\t\t\t<div class=\"elementor-widget-wrap elementor-element-populated\">\n\t\t\t\t\t\t<div class=\"elementor-element elementor-element-4894bc0 elementor-widget elementor-widget-text-editor\" data-id=\"4894bc0\" data-element_type=\"widget\" data-e-type=\"widget\" data-widget_type=\"text-editor.default\">\n\t\t\t\t\t\t\t\t\t<p>Russlands Krieg in der Ukraine l\u00e4sst die Menschen im Landkreis Schwandorf nicht unber\u00fchrt. Auch die Angestellten der Firma ROFA-Lehmer aus Bodenw\u00f6hr wollten beim Anblick der Bilder der zahlreichen Gefl\u00fcchteten nicht tatenlos zusehen. Kurzerhand entschlossen sich die Mitarbeiter, eine Spendenbox im Eingangsbereich des Maschinenbaubetriebs aufzustellen. Dabei kam innerhalb weniger Tage eine stattliche vierstellige Summe zusammen. Gesch\u00e4ftsf\u00fchrer Stefan Brandl lie\u00df es sich nicht nehmen und rundete den Betrag gro\u00dfz\u00fcgig auf.<\/p><p>\u00a0<\/p><p>So konnte Brandl dem 1. Vorsitzenden des Brucker Ukrainehilfevereins, Hans-J\u00fcrgen Wittmann, am 7. April 2022 insgesamt 2.000 Euro \u00fcbergeben. \u201eWir wollen mit dieser Spende in erster Linie den gefl\u00fcchteten Menschen aus der Ukraine helfen. Zudem wollen wir ein Zeichen setzen und auch andere Betriebe aus der Region dazu animieren, es uns gleich zu tun\u201c, erkl\u00e4rt Stefan Brandl bei der \u00dcbergabe der Spende.<\/p><p>\u00a0<\/p><p>Mit dem Geld werden die Ukrainehelfer ihren n\u00e4chsten Hilfskonvoi vorbereiten, der voraussichtlich Ende April 2022 starten soll. Wie bei den letzten Fahrten sollen vor allem Artikel zur Grundversorgung der Gefl\u00fcchteten zur mitgenommen werden. Vor allem Feldbetten, Schlafs\u00e4cke, Decken, haltbare Fertiggerichte, Hygieneartikel sowie Arzneimittel stehen auf der Wunschliste der Caritas an der ungarischen-ukrainischen Grenzstadt Barabas. Die Sachspenden k\u00f6nnen am Samstag, 23. April 2022 im alten Kindergarten St. Josef in Bruck abgegeben werden.<\/p>\t\t\t\t\t\t\t\t<\/div>\n\t\t\t\t\t<\/div>\n\t\t<\/div>\n\t\t\t\t\t<\/div>\n\t\t<\/section>\n\t\t\t\t\t<\/div>\n\t\t<\/div>\n\t\t\t\t\t<\/div>\n\t\t<\/section>\n\t\t\t\t<\/div>\n\t\t","protected":false},"excerpt":{"rendered":"<p>Russlands Krieg in der Ukraine l\u00e4sst die Menschen im Landkreis Schwandorf nicht unber\u00fchrt. Auch die Angestellten der Firma ROFA-Lehmer aus Bodenw\u00f6hr wollten beim Anblick der Bilder der zahlreichen Gefl\u00fcchteten nicht tatenlos zusehen. Kurzerhand entschlossen sich die Mitarbeiter, eine Spendenbox im Eingangsbereich des Maschinenbaubetriebs aufzustellen. Dabei kam innerhalb weniger Tage eine stattliche vierstellige Summe zusammen. Gesch\u00e4ftsf\u00fchrer [&hellip;]<\/p>\n","protected":false},"author":1,"featured_media":718,"comment_status":"closed","ping_status":"closed","sticky":false,"template":"","format":"standard","meta":{"_acf_changed":false,"footnotes":""},"categories":[33],"tags":[],"class_list":["post-717","post","type-post","status-publish","format-standard","has-post-thumbnail","hentry","category-news","cat-33-id"],"acf":[],"_links":{"self":[{"href":"https:\/\/www.rofa-group.com\/rofa-lehmer\/wp-json\/wp\/v2\/posts\/717","targetHints":{"allow":["GET"]}}],"collection":[{"href":"https:\/\/www.rofa-group.com\/rofa-lehmer\/wp-json\/wp\/v2\/posts"}],"about":[{"href":"https:\/\/www.rofa-group.com\/rofa-lehmer\/wp-json\/wp\/v2\/types\/post"}],"author":[{"embeddable":true,"href":"https:\/\/www.rofa-group.com\/rofa-lehmer\/wp-json\/wp\/v2\/users\/1"}],"replies":[{"embeddable":true,"href":"https:\/\/www.rofa-group.com\/rofa-lehmer\/wp-json\/wp\/v2\/comments?post=717"}],"version-history":[{"count":10,"href":"https:\/\/www.rofa-group.com\/rofa-lehmer\/wp-json\/wp\/v2\/posts\/717\/revisions"}],"predecessor-version":[{"id":728,"href":"https:\/\/www.rofa-group.com\/rofa-lehmer\/wp-json\/wp\/v2\/posts\/717\/revisions\/728"}],"wp:featuredmedia":[{"embeddable":true,"href":"https:\/\/www.rofa-group.com\/rofa-lehmer\/wp-json\/wp\/v2\/media\/718"}],"wp:attachment":[{"href":"https:\/\/www.rofa-group.com\/rofa-lehmer\/wp-json\/wp\/v2\/media?parent=717"}],"wp:term":[{"taxonomy":"category","embeddable":true,"href":"https:\/\/www.rofa-group.com\/rofa-lehmer\/wp-json\/wp\/v2\/categories?post=717"},{"taxonomy":"post_tag","embeddable":true,"href":"https:\/\/www.rofa-group.com\/rofa-lehmer\/wp-json\/wp\/v2\/tags?post=717"}],"curies":[{"name":"wp","href":"https:\/\/api.w.org\/{rel}","templated":true}]}}