{"id":3967,"date":"2024-04-29T11:43:34","date_gmt":"2024-04-29T09:43:34","guid":{"rendered":"https:\/\/www.rofa-group.com\/rofa-ag\/?p=3967"},"modified":"2024-04-29T13:36:46","modified_gmt":"2024-04-29T11:36:46","slug":"die-rofa-industrial-automation-ag-wurde-mit-der-urkunde-umwelt-und-klimapakt-bayern-ausgezeichnet","status":"publish","type":"post","link":"https:\/\/www.rofa-group.com\/rofa-ag\/news\/die-rofa-industrial-automation-ag-wurde-mit-der-urkunde-umwelt-und-klimapakt-bayern-ausgezeichnet\/","title":{"rendered":"Die ROFA INDUSTRIAL AUTOMATION AG wurde mit der Urkunde \u201cUmwelt und Klimapakt Bayern\u201c ausgezeichnet"},"content":{"rendered":"\t\t<div data-elementor-type=\"wp-post\" data-elementor-id=\"3967\" class=\"elementor elementor-3967\" data-elementor-post-type=\"post\">\n\t\t\t\t\t\t<section class=\"elementor-section elementor-top-section elementor-element elementor-element-38c0781 elementor-section-boxed elementor-section-height-default elementor-section-height-default\" data-id=\"38c0781\" data-element_type=\"section\" data-e-type=\"section\">\n\t\t\t\t\t\t<div class=\"elementor-container elementor-column-gap-default\">\n\t\t\t\t\t<div class=\"elementor-column elementor-col-100 elementor-top-column elementor-element elementor-element-8a582cb\" data-id=\"8a582cb\" data-element_type=\"column\" data-e-type=\"column\">\n\t\t\t<div class=\"elementor-widget-wrap elementor-element-populated\">\n\t\t\t\t\t\t<div class=\"elementor-element elementor-element-5831517 elementor-widget elementor-widget-heading\" data-id=\"5831517\" data-element_type=\"widget\" data-e-type=\"widget\" data-widget_type=\"heading.default\">\n\t\t\t\t\t<h1 class=\"elementor-heading-title elementor-size-default\">Die ROFA INDUSTRIAL AUTOMATION AG wurde mit der Urkunde \u201cUmwelt und Klimapakt Bayern\u201c ausgezeichnet<\/h1>\t\t\t\t<\/div>\n\t\t\t\t<div class=\"elementor-element elementor-element-67c7771 elementor-widget elementor-widget-text-editor\" data-id=\"67c7771\" data-element_type=\"widget\" data-e-type=\"widget\" data-widget_type=\"text-editor.default\">\n\t\t\t\t\t\t\t\t\t<h2>Wir freuen uns \u00fcber die Aush\u00e4ndigung der Urkunde durch Peter Kloo, den B\u00fcrgermeister der Stadt Kolbermoor.<\/h2>\t\t\t\t\t\t\t\t<\/div>\n\t\t\t\t\t<\/div>\n\t\t<\/div>\n\t\t\t\t\t<\/div>\n\t\t<\/section>\n\t\t\t\t<section class=\"elementor-section elementor-top-section elementor-element elementor-element-e50fca5 elementor-section-boxed elementor-section-height-default elementor-section-height-default\" data-id=\"e50fca5\" data-element_type=\"section\" data-e-type=\"section\">\n\t\t\t\t\t\t<div class=\"elementor-container elementor-column-gap-default\">\n\t\t\t\t\t<div class=\"elementor-column elementor-col-100 elementor-top-column elementor-element elementor-element-80ba170\" data-id=\"80ba170\" data-element_type=\"column\" data-e-type=\"column\">\n\t\t\t<div class=\"elementor-widget-wrap elementor-element-populated\">\n\t\t\t\t\t\t<section class=\"elementor-section elementor-inner-section elementor-element elementor-element-32d7817 elementor-section-boxed elementor-section-height-default elementor-section-height-default\" data-id=\"32d7817\" data-element_type=\"section\" data-e-type=\"section\">\n\t\t\t\t\t\t<div class=\"elementor-container elementor-column-gap-no\">\n\t\t\t\t\t<div class=\"elementor-column elementor-col-33 elementor-inner-column elementor-element elementor-element-9ae3a48\" data-id=\"9ae3a48\" data-element_type=\"column\" data-e-type=\"column\">\n\t\t\t<div class=\"elementor-widget-wrap elementor-element-populated\">\n\t\t\t\t\t\t<div class=\"elementor-element elementor-element-5f727bf elementor-widget elementor-widget-image\" data-id=\"5f727bf\" data-element_type=\"widget\" data-e-type=\"widget\" data-widget_type=\"image.default\">\n\t\t\t\t\t\t\t\t\t\t\t\t<figure class=\"wp-caption\">\n\t\t\t\t\t\t\t\t\t\t<img fetchpriority=\"high\" decoding=\"async\" width=\"800\" height=\"600\" src=\"https:\/\/www.rofa-group.com\/rofa-ag\/wp-content\/uploads\/sites\/2\/verleihung-urkunde-umweltpakt-bayern.jpg\" class=\"attachment-large size-large wp-image-3968\" alt=\"Verleihung Urkunde Umweltpakt Bayern\" srcset=\"https:\/\/www.rofa-group.com\/rofa-ag\/wp-content\/uploads\/sites\/2\/verleihung-urkunde-umweltpakt-bayern.jpg 800w, https:\/\/www.rofa-group.com\/rofa-ag\/wp-content\/uploads\/sites\/2\/verleihung-urkunde-umweltpakt-bayern-640x480.jpg 640w, https:\/\/www.rofa-group.com\/rofa-ag\/wp-content\/uploads\/sites\/2\/verleihung-urkunde-umweltpakt-bayern-768x576.jpg 768w, https:\/\/www.rofa-group.com\/rofa-ag\/wp-content\/uploads\/sites\/2\/verleihung-urkunde-umweltpakt-bayern-600x450.jpg 600w\" sizes=\"(max-width: 800px) 100vw, 800px\">\t\t\t\t\t\t\t\t\t\t\t<figcaption class=\"widget-image-caption wp-caption-text\"><b>v.l.:<\/b> Dirk Nagraszus (Gesch\u00e4ftsf\u00fchrer ROFA), Manuela Kittler (QM ROFA), Peter Kloo (B\u00fcrgermeister Kolbermoor), Andreas Bauer (Vorstandsvorsitzender ROFA)<\/figcaption>\n\t\t\t\t\t\t\t\t\t\t<\/figure>\n\t\t\t\t\t\t\t\t\t<\/div>\n\t\t\t\t\t<\/div>\n\t\t<\/div>\n\t\t\t\t<div class=\"elementor-column elementor-col-33 elementor-inner-column elementor-element elementor-element-d874868\" data-id=\"d874868\" data-element_type=\"column\" data-e-type=\"column\">\n\t\t\t<div class=\"elementor-widget-wrap elementor-element-populated\">\n\t\t\t\t\t\t<div class=\"elementor-element elementor-element-96d4002 elementor-widget elementor-widget-text-editor\" data-id=\"96d4002\" data-element_type=\"widget\" data-e-type=\"widget\" data-widget_type=\"text-editor.default\">\n\t\t\t\t\t\t\t\t\t<p>Die Auszeichnung \u201eUmwelt und Klimapakt Bayern\u201c wird vom Bayerischen Staatsministerium f\u00fcr Umwelt und Verbraucherschutz an Betriebe verliehen, deren betriebliche Umweltleistungen \u00fcber die gesetzlichen Vorgaben hinaus geht.<\/p>\n<p>F\u00fcr uns ist diese Auszeichnung nicht nur eine Best\u00e4tigung unseres kontinuierlichen Umweltengagements, sondern auch der vielen konkreten Schritte, die wir in Richtung eines nachhaltigeren Wirtschaftens unternehmen.<\/p>\t\t\t\t\t\t\t\t<\/div>\n\t\t\t\t\t<\/div>\n\t\t<\/div>\n\t\t\t\t<div class=\"elementor-column elementor-col-33 elementor-inner-column elementor-element elementor-element-f6e992d\" data-id=\"f6e992d\" data-element_type=\"column\" data-e-type=\"column\">\n\t\t\t<div class=\"elementor-widget-wrap elementor-element-populated\">\n\t\t\t\t\t\t<div class=\"elementor-element elementor-element-9bfbaf7 elementor-widget elementor-widget-image\" data-id=\"9bfbaf7\" data-element_type=\"widget\" data-e-type=\"widget\" data-widget_type=\"image.default\">\n\t\t\t\t\t\t\t\t\t\t\t\t\t\t\t\t<a href=\"https:\/\/www.rofa-group.com\/rofa-ag\/wp-content\/uploads\/sites\/2\/urkunde-umweltpakt-bayern.jpg\" data-elementor-open-lightbox=\"yes\" data-e-action-hash=\"#elementor-action%3Aaction%3Dlightbox%26settings%3DeyJpZCI6IjM5NjkiLCJ1cmwiOiJodHRwczpcL1wvd3d3LnJvZmEtZ3JvdXAuY29tXC9yb2ZhLWFnXC93cC1jb250ZW50XC91cGxvYWRzXC9zaXRlc1wvMlwvdXJrdW5kZS11bXdlbHRwYWt0LWJheWVybi5qcGcifQ%3D%3D\">\n\t\t\t\t\t\t\t<img decoding=\"async\" width=\"595\" height=\"841\" src=\"https:\/\/www.rofa-group.com\/rofa-ag\/wp-content\/uploads\/sites\/2\/urkunde-umweltpakt-bayern.jpg\" class=\"attachment-full size-full wp-image-3969\" alt=\"Urkunde Umweltpakt Bayern\" srcset=\"https:\/\/www.rofa-group.com\/rofa-ag\/wp-content\/uploads\/sites\/2\/urkunde-umweltpakt-bayern.jpg 595w, https:\/\/www.rofa-group.com\/rofa-ag\/wp-content\/uploads\/sites\/2\/urkunde-umweltpakt-bayern-453x640.jpg 453w, https:\/\/www.rofa-group.com\/rofa-ag\/wp-content\/uploads\/sites\/2\/urkunde-umweltpakt-bayern-340x480.jpg 340w\" sizes=\"(max-width: 595px) 100vw, 595px\">\t\t\t\t\t\t\t\t<\/a>\n\t\t\t\t\t\t\t\t\t\t\t\t\t\t\t<\/div>\n\t\t\t\t\t<\/div>\n\t\t<\/div>\n\t\t\t\t\t<\/div>\n\t\t<\/section>\n\t\t\t\t\t<\/div>\n\t\t<\/div>\n\t\t\t\t\t<\/div>\n\t\t<\/section>\n\t\t\t\t<\/div>\n\t\t","protected":false},"excerpt":{"rendered":"<p>Wir freuen uns \u00fcber die Aush\u00e4ndigung der Urkunde durch Peter Kloo, den B\u00fcrgermeister der Stadt Kolbermoor. Die Auszeichnung \u201eUmwelt und Klimapakt Bayern\u201c wird vom Bayerischen Staatsministerium f\u00fcr Umwelt und Verbraucherschutz an Betriebe verliehen, deren betriebliche Umweltleistungen \u00fcber die gesetzlichen Vorgaben hinaus geht. F\u00fcr uns ist diese Auszeichnung nicht nur eine Best\u00e4tigung unseres kontinuierlichen Umweltengagements, sondern [&hellip;]<\/p>\n","protected":false},"author":1,"featured_media":3968,"comment_status":"closed","ping_status":"closed","sticky":false,"template":"","format":"standard","meta":{"_acf_changed":false,"footnotes":""},"categories":[8],"tags":[],"class_list":["post-3967","post","type-post","status-publish","format-standard","has-post-thumbnail","hentry","category-news","cat-8-id"],"acf":[],"_links":{"self":[{"href":"https:\/\/www.rofa-group.com\/rofa-ag\/wp-json\/wp\/v2\/posts\/3967","targetHints":{"allow":["GET"]}}],"collection":[{"href":"https:\/\/www.rofa-group.com\/rofa-ag\/wp-json\/wp\/v2\/posts"}],"about":[{"href":"https:\/\/www.rofa-group.com\/rofa-ag\/wp-json\/wp\/v2\/types\/post"}],"author":[{"embeddable":true,"href":"https:\/\/www.rofa-group.com\/rofa-ag\/wp-json\/wp\/v2\/users\/1"}],"replies":[{"embeddable":true,"href":"https:\/\/www.rofa-group.com\/rofa-ag\/wp-json\/wp\/v2\/comments?post=3967"}],"version-history":[{"count":13,"href":"https:\/\/www.rofa-group.com\/rofa-ag\/wp-json\/wp\/v2\/posts\/3967\/revisions"}],"predecessor-version":[{"id":3988,"href":"https:\/\/www.rofa-group.com\/rofa-ag\/wp-json\/wp\/v2\/posts\/3967\/revisions\/3988"}],"wp:featuredmedia":[{"embeddable":true,"href":"https:\/\/www.rofa-group.com\/rofa-ag\/wp-json\/wp\/v2\/media\/3968"}],"wp:attachment":[{"href":"https:\/\/www.rofa-group.com\/rofa-ag\/wp-json\/wp\/v2\/media?parent=3967"}],"wp:term":[{"taxonomy":"category","embeddable":true,"href":"https:\/\/www.rofa-group.com\/rofa-ag\/wp-json\/wp\/v2\/categories?post=3967"},{"taxonomy":"post_tag","embeddable":true,"href":"https:\/\/www.rofa-group.com\/rofa-ag\/wp-json\/wp\/v2\/tags?post=3967"}],"curies":[{"name":"wp","href":"https:\/\/api.w.org\/{rel}","templated":true}]}}