{"id":340,"date":"2020-01-27T15:44:19","date_gmt":"2020-01-27T14:44:19","guid":{"rendered":"https:\/\/www.rofa-group.com\/moll\/?p=340"},"modified":"2020-02-13T17:59:03","modified_gmt":"2020-02-13T16:59:03","slug":"grosser-ansturm-bei-der-moll-automatisierung-gmbh","status":"publish","type":"post","link":"https:\/\/www.rofa-group.com\/moll\/news\/grosser-ansturm-bei-der-moll-automatisierung-gmbh\/","title":{"rendered":"Gro\u00dfer Ansturm bei der MOLL Automatisierung GmbH"},"content":{"rendered":"\t\t<div data-elementor-type=\"wp-post\" data-elementor-id=\"340\" class=\"elementor elementor-340\" data-elementor-post-type=\"post\">\n\t\t\t\t\t\t<section class=\"elementor-section elementor-top-section elementor-element elementor-element-fe5176e elementor-section-boxed elementor-section-height-default elementor-section-height-default\" data-id=\"fe5176e\" data-element_type=\"section\" data-e-type=\"section\">\n\t\t\t\t\t\t<div class=\"elementor-container elementor-column-gap-default\">\n\t\t\t\t\t<div class=\"elementor-column elementor-col-100 elementor-top-column elementor-element elementor-element-a9fe6d2\" data-id=\"a9fe6d2\" data-element_type=\"column\" data-e-type=\"column\">\n\t\t\t<div class=\"elementor-widget-wrap elementor-element-populated\">\n\t\t\t\t\t\t<div class=\"elementor-element elementor-element-7cadcc5 elementor-widget elementor-widget-heading\" data-id=\"7cadcc5\" data-element_type=\"widget\" data-e-type=\"widget\" data-widget_type=\"heading.default\">\n\t\t\t\t\t<h1 class=\"elementor-heading-title elementor-size-default\">Gro\u00dfer Ansturm bei der MOLL Automatisierung GmbH<\/h1>\t\t\t\t<\/div>\n\t\t\t\t<div class=\"elementor-element elementor-element-1250bb8 elementor-widget elementor-widget-text-editor\" data-id=\"1250bb8\" data-element_type=\"widget\" data-e-type=\"widget\" data-widget_type=\"text-editor.default\">\n\t\t\t\t\t\t\t\t\t<strong>2.300 Besucher am Tag der offenen T\u00fcr \u2013 Montagehalle eingeweiht<\/strong>\n<br><br>\nAm Samstag den 14.09.2019 feierte die Firma MOLL von 10 bis 16 Uhr Tag der offenen T\u00fcr am Standort in Leiblfing. Dabei nutzten \u00fcber 2.300 Besucher die Gelegenheit, einmal hinter die Kulissen des Maschinenbauers zu blicken. Bereits am Donnerstag und Freitag davor hatten jeweils etwa 300 geladene G\u00e4ste einen Seniorennachmittag sowie die gelungene Einweihungsfeier der neuen, 2.500 Quadratmeter gro\u00dfen Montagehalle Am Gewerbepark 2 in Leiblfing erlebt. Eine Segnung durch Pfarrer Leo Heinrich sowie Festreden von Ehreng\u00e4sten aus Wirtschaft und Politik bescherten den G\u00e4sten einen informativen Tag bei sp\u00e4tsommerlichen Temperaturen. Viele der 250 Mitarbeiter nahmen am Samstag die Chance wahr und zeigten ihren Familien und Freunden stolz ihren Arbeitsplatz. Ein abgesperrter und beschilderter Rundgang machte es den Besuchern leicht, alle Bereiche der Firma kennenzulernen. Die meisten G\u00e4ste starteten mit der Besichtigung der neuen Montagehalle, in der verschiedenste Maschinenvorf\u00fchrungen und ein Stand der Berufsschule Straubing sowie der Firma MOLL geboten wurden. Vor allem die beiden Informationsst\u00e4nde boten vielen Jugendlichen sowie Eltern eine Chance, sich im Gespr\u00e4ch mit Azubis, Verantwortlichen und Lehrern aus dem Fachbereich \u201eMechanik\u201c \u00fcber die Ausbildungsberufe zum Feinwerkmechaniker (m\/w\/d), Kaufman f\u00fcr B\u00fcromanagement (m\/w\/d) und Technischen Produktdesigner (m\/w\/d) zu informieren.\t\t\t\t\t\t\t\t<\/div>\n\t\t\t\t<section class=\"elementor-section elementor-inner-section elementor-element elementor-element-d73af37 elementor-section-boxed elementor-section-height-default elementor-section-height-default\" data-id=\"d73af37\" data-element_type=\"section\" data-e-type=\"section\">\n\t\t\t\t\t\t<div class=\"elementor-container elementor-column-gap-no\">\n\t\t\t\t\t<div class=\"elementor-column elementor-col-50 elementor-inner-column elementor-element elementor-element-af9ce8d\" data-id=\"af9ce8d\" data-element_type=\"column\" data-e-type=\"column\">\n\t\t\t<div class=\"elementor-widget-wrap elementor-element-populated\">\n\t\t\t\t\t\t<div class=\"elementor-element elementor-element-74f6fc1 elementor-widget elementor-widget-image\" data-id=\"74f6fc1\" data-element_type=\"widget\" data-e-type=\"widget\" data-widget_type=\"image.default\">\n\t\t\t\t\t\t\t\t\t\t\t\t\t\t\t<img fetchpriority=\"high\" decoding=\"async\" width=\"800\" height=\"432\" src=\"https:\/\/www.rofa-group.com\/moll\/wp-content\/uploads\/sites\/4\/1-MOLL-Tag-der-offenen-tuer.jpg\" class=\"attachment-large size-large wp-image-343\" alt=\"MOLL - Tag der offenen T\u00fcr 2019\" srcset=\"https:\/\/www.rofa-group.com\/moll\/wp-content\/uploads\/sites\/4\/1-MOLL-Tag-der-offenen-tuer.jpg 850w, https:\/\/www.rofa-group.com\/moll\/wp-content\/uploads\/sites\/4\/1-MOLL-Tag-der-offenen-tuer-300x162.jpg 300w, https:\/\/www.rofa-group.com\/moll\/wp-content\/uploads\/sites\/4\/1-MOLL-Tag-der-offenen-tuer-768x415.jpg 768w\" sizes=\"(max-width: 800px) 100vw, 800px\">\t\t\t\t\t\t\t\t\t\t\t\t\t\t\t<\/div>\n\t\t\t\t\t<\/div>\n\t\t<\/div>\n\t\t\t\t<div class=\"elementor-column elementor-col-50 elementor-inner-column elementor-element elementor-element-b6a526d\" data-id=\"b6a526d\" data-element_type=\"column\" data-e-type=\"column\">\n\t\t\t<div class=\"elementor-widget-wrap elementor-element-populated\">\n\t\t\t\t\t\t<div class=\"elementor-element elementor-element-fb1210d elementor-widget elementor-widget-heading\" data-id=\"fb1210d\" data-element_type=\"widget\" data-e-type=\"widget\" data-widget_type=\"heading.default\">\n\t\t\t\t\t<h2 class=\"elementor-heading-title elementor-size-default\">Wie MOLL-Produkte beim Kunden aussehen<\/h2>\t\t\t\t<\/div>\n\t\t\t\t<div class=\"elementor-element elementor-element-9949eab elementor-widget elementor-widget-text-editor\" data-id=\"9949eab\" data-element_type=\"widget\" data-e-type=\"widget\" data-widget_type=\"text-editor.default\">\n\t\t\t\t\t\t\t\t\tIn den weiteren Hallen standen \u00fcber die gesamte Veranstaltungsdauer Mitarbeiter bereit, um \u00fcber die jeweiligen Maschinen und Abteilungen zu informieren. Der f\u00fcr VW Argentinien konstruierte \u201eFahrwerkseinbau\u201c war ein weiterer Publikumsmagnet. Hier bekam man anhand von diversen Beispielen und Erkl\u00e4rung durch Mitarbeiter eine Vorstellung davon, wie MOLL-Produkte beim Kunden aussehen und welchen Nutzen sie bringen.\n<br><br>\nIm B\u00fcrogeb\u00e4ude wurde ein Imagefilm gezeigt und eine Vorstellung der Konstruktionst\u00e4tigkeiten durch diverse 3D-Animationen, Layouts und technische Zeichnungen angeboten.\t\t\t\t\t\t\t\t<\/div>\n\t\t\t\t\t<\/div>\n\t\t<\/div>\n\t\t\t\t\t<\/div>\n\t\t<\/section>\n\t\t\t\t<section class=\"elementor-section elementor-inner-section elementor-element elementor-element-08c80e7 elementor-section-boxed elementor-section-height-default elementor-section-height-default\" data-id=\"08c80e7\" data-element_type=\"section\" data-e-type=\"section\">\n\t\t\t\t\t\t<div class=\"elementor-container elementor-column-gap-no\">\n\t\t\t\t\t<div class=\"elementor-column elementor-col-100 elementor-inner-column elementor-element elementor-element-dcfa824\" data-id=\"dcfa824\" data-element_type=\"column\" data-e-type=\"column\">\n\t\t\t<div class=\"elementor-widget-wrap elementor-element-populated\">\n\t\t\t\t\t\t<div class=\"elementor-element elementor-element-3275dd9 elementor-widget elementor-widget-heading\" data-id=\"3275dd9\" data-element_type=\"widget\" data-e-type=\"widget\" data-widget_type=\"heading.default\">\n\t\t\t\t\t<h2 class=\"elementor-heading-title elementor-size-default\">Bayerischer Wirtschaftsminister<\/h2>\t\t\t\t<\/div>\n\t\t\t\t<div class=\"elementor-element elementor-element-6054151 elementor-widget elementor-widget-text-editor\" data-id=\"6054151\" data-element_type=\"widget\" data-e-type=\"widget\" data-widget_type=\"text-editor.default\">\n\t\t\t\t\t\t\t\t\tAls Highlight darf getrost die Podiumsdiskussion \u00fcber den Mittelstand mit dem Bayerischen Wirtschaftsminister und stellvertretenden Ministerpr\u00e4sidenten Herr Hubert Aiwanger gesehen werden. Zusammen mit Herr Josef Moll (Gesch\u00e4ftsf\u00fchrer), Ludwig Waas (B\u00fcrgermeister der Gemeinde Niederwinkling) und Wolfgang Maier (ehemaliger Wirtschaftsf\u00f6rderer der Regierung Niederbayern), lieferten sich alle Teilnehmer ein erfrischendes und charmantes Wortgefecht zu den aktuellen politischen und gewerblichen Themen der Region.\t\t\t\t\t\t\t\t<\/div>\n\t\t\t\t\t<\/div>\n\t\t<\/div>\n\t\t\t\t\t<\/div>\n\t\t<\/section>\n\t\t\t\t<section class=\"elementor-section elementor-inner-section elementor-element elementor-element-cdd1e4d elementor-section-boxed elementor-section-height-default elementor-section-height-default\" data-id=\"cdd1e4d\" data-element_type=\"section\" data-e-type=\"section\">\n\t\t\t\t\t\t<div class=\"elementor-container elementor-column-gap-no\">\n\t\t\t\t\t<div class=\"elementor-column elementor-col-100 elementor-inner-column elementor-element elementor-element-95d8226\" data-id=\"95d8226\" data-element_type=\"column\" data-e-type=\"column\">\n\t\t\t<div class=\"elementor-widget-wrap elementor-element-populated\">\n\t\t\t\t\t\t<div class=\"elementor-element elementor-element-2c88aac elementor-widget elementor-widget-image\" data-id=\"2c88aac\" data-element_type=\"widget\" data-e-type=\"widget\" data-widget_type=\"image.default\">\n\t\t\t\t\t\t\t\t\t\t\t\t\t\t\t<img decoding=\"async\" width=\"800\" height=\"607\" src=\"https:\/\/www.rofa-group.com\/moll\/wp-content\/uploads\/sites\/4\/MOLL-Tag-der-offenen-tuer.jpg\" class=\"attachment-large size-large wp-image-341\" alt=\"MOLL - Tag der offenen T\u00fcr 2019\" srcset=\"https:\/\/www.rofa-group.com\/moll\/wp-content\/uploads\/sites\/4\/MOLL-Tag-der-offenen-tuer.jpg 850w, https:\/\/www.rofa-group.com\/moll\/wp-content\/uploads\/sites\/4\/MOLL-Tag-der-offenen-tuer-300x228.jpg 300w, https:\/\/www.rofa-group.com\/moll\/wp-content\/uploads\/sites\/4\/MOLL-Tag-der-offenen-tuer-768x583.jpg 768w\" sizes=\"(max-width: 800px) 100vw, 800px\">\t\t\t\t\t\t\t\t\t\t\t\t\t\t\t<\/div>\n\t\t\t\t\t<\/div>\n\t\t<\/div>\n\t\t\t\t\t<\/div>\n\t\t<\/section>\n\t\t\t\t\t<\/div>\n\t\t<\/div>\n\t\t\t\t\t<\/div>\n\t\t<\/section>\n\t\t\t\t<section class=\"elementor-section elementor-top-section elementor-element elementor-element-63e460d elementor-section-boxed elementor-section-height-default elementor-section-height-default\" data-id=\"63e460d\" data-element_type=\"section\" data-e-type=\"section\">\n\t\t\t\t\t\t<div class=\"elementor-container elementor-column-gap-default\">\n\t\t\t\t\t<div class=\"elementor-column elementor-col-100 elementor-top-column elementor-element elementor-element-0155f74\" data-id=\"0155f74\" data-element_type=\"column\" data-e-type=\"column\">\n\t\t\t<div class=\"elementor-widget-wrap elementor-element-populated\">\n\t\t\t\t\t\t<section class=\"elementor-section elementor-inner-section elementor-element elementor-element-53cc650 elementor-section-boxed elementor-section-height-default elementor-section-height-default\" data-id=\"53cc650\" data-element_type=\"section\" data-e-type=\"section\">\n\t\t\t\t\t\t<div class=\"elementor-container elementor-column-gap-no\">\n\t\t\t\t\t<div class=\"elementor-column elementor-col-100 elementor-inner-column elementor-element elementor-element-6cf6f9b\" data-id=\"6cf6f9b\" data-element_type=\"column\" data-e-type=\"column\">\n\t\t\t<div class=\"elementor-widget-wrap elementor-element-populated\">\n\t\t\t\t\t\t<div class=\"elementor-element elementor-element-cff56be elementor-widget elementor-widget-heading\" data-id=\"cff56be\" data-element_type=\"widget\" data-e-type=\"widget\" data-widget_type=\"heading.default\">\n\t\t\t\t\t<h2 class=\"elementor-heading-title elementor-size-default\">Verk\u00f6stigung, S\u00fc\u00dfwarenstand, Volleyball und Elektrofahrzeuge<\/h2>\t\t\t\t<\/div>\n\t\t\t\t<div class=\"elementor-element elementor-element-4bb341d elementor-widget elementor-widget-text-editor\" data-id=\"4bb341d\" data-element_type=\"widget\" data-e-type=\"widget\" data-widget_type=\"text-editor.default\">\n\t\t\t\t\t\t\t\t\tDie Bewirtung der G\u00e4ste \u00fcbernahm der Partyservice Ismair aus Th\u00fcrnthenning in gewohnt professioneller Weise. Unterst\u00fctzt wurde er durch den Frauenbund und die Landfrauen Leiblfing, welche mit Kaffee und selbstgemachten Kuchen gl\u00e4nzen konnten. F\u00fcr gute Unterhaltung war gesorgt. So erfreute sich der aufgebaute Volleyballplatz, samt prominenter Besuche durch die Profis von NAWARO Straubing, gro\u00dfer Beliebtheit. Auch die Pr\u00e4sentation der Elektrofahrzeuge durch das Autohaus V\u00f6gl und dem Autohaus AVP lockte viele Besucher an, um sich einmal in Ruhe \u00fcber die Zukunft der Automobilherstellung auszutauschen. An die ganz kleinen G\u00e4ste wurden S\u00fc\u00dfigkeiten von Gabys Leckereien verteilt und zum Austoben stand nat\u00fcrlich eine H\u00fcpfburg bereit. F\u00fcr z\u00fcnftige volkst\u00fcmliche Begleitmusik sorgte die Kapelle Kaiserschmarrn.\t\t\t\t\t\t\t\t<\/div>\n\t\t\t\t\t<\/div>\n\t\t<\/div>\n\t\t\t\t\t<\/div>\n\t\t<\/section>\n\t\t\t\t\t<\/div>\n\t\t<\/div>\n\t\t\t\t\t<\/div>\n\t\t<\/section>\n\t\t\t\t<section class=\"elementor-section elementor-top-section elementor-element elementor-element-c898a48 elementor-section-boxed elementor-section-height-default elementor-section-height-default\" data-id=\"c898a48\" data-element_type=\"section\" data-e-type=\"section\">\n\t\t\t\t\t\t<div class=\"elementor-container elementor-column-gap-default\">\n\t\t\t\t\t<div class=\"elementor-column elementor-col-100 elementor-top-column elementor-element elementor-element-ca88597\" data-id=\"ca88597\" data-element_type=\"column\" data-e-type=\"column\">\n\t\t\t<div class=\"elementor-widget-wrap elementor-element-populated\">\n\t\t\t\t\t\t<section class=\"elementor-section elementor-inner-section elementor-element elementor-element-cc16439 elementor-section-boxed elementor-section-height-default elementor-section-height-default\" data-id=\"cc16439\" data-element_type=\"section\" data-e-type=\"section\">\n\t\t\t\t\t\t<div class=\"elementor-container elementor-column-gap-no\">\n\t\t\t\t\t<div class=\"elementor-column elementor-col-100 elementor-inner-column elementor-element elementor-element-95a9df2\" data-id=\"95a9df2\" data-element_type=\"column\" data-e-type=\"column\">\n\t\t\t<div class=\"elementor-widget-wrap elementor-element-populated\">\n\t\t\t\t\t\t<div class=\"elementor-element elementor-element-6798227 elementor-widget elementor-widget-heading\" data-id=\"6798227\" data-element_type=\"widget\" data-e-type=\"widget\" data-widget_type=\"heading.default\">\n\t\t\t\t\t<h2 class=\"elementor-heading-title elementor-size-default\">Danksagung<\/h2>\t\t\t\t<\/div>\n\t\t\t\t<div class=\"elementor-element elementor-element-d82dc25 elementor-widget elementor-widget-text-editor\" data-id=\"d82dc25\" data-element_type=\"widget\" data-e-type=\"widget\" data-widget_type=\"text-editor.default\">\n\t\t\t\t\t\t\t\t\t<p>Ein gro\u00dfes Dankesch\u00f6n geht an den Frauenbund und die Landfrauen Leiblfing, der FFW Ober- und Niedersunzing, dem HVO Schwimmbach, den Spielerinnen von NAWARO Straubing sowie dem Pfarrer der Gemeinde Leiblfing Herr Leo Heinrich f\u00fcr Ihre Pr\u00e4senz und Ihren enormen ehrenamtlichen Beitrag zum Erfolg dieser Veranstaltung.<br><br><br><a href=\"https:\/\/vimeo.com\/user99350181\/download\/361254648\/1b20276d3e\" target=\"_blank\" rel=\"noopener\">Sehen Sie hier \u201eImpressionen -Tag der offenen T\u00fcr\u201c.<\/a><\/p>\t\t\t\t\t\t\t\t<\/div>\n\t\t\t\t\t<\/div>\n\t\t<\/div>\n\t\t\t\t\t<\/div>\n\t\t<\/section>\n\t\t\t\t\t<\/div>\n\t\t<\/div>\n\t\t\t\t\t<\/div>\n\t\t<\/section>\n\t\t\t\t<\/div>\n\t\t","protected":false},"excerpt":{"rendered":"<p>2.300 Besucher am Tag der offenen T\u00fcr \u2013 Montagehalle eingeweiht Am Samstag den 14.09.2019 feierte die Firma MOLL von 10 bis 16 Uhr Tag der offenen T\u00fcr am Standort in Leiblfing. Dabei nutzten \u00fcber 2.300 Besucher die Gelegenheit, einmal hinter die Kulissen des Maschinenbauers zu blicken. Bereits am Donnerstag und Freitag davor hatten jeweils etwa [&hellip;]<\/p>\n","protected":false},"author":1,"featured_media":341,"comment_status":"closed","ping_status":"closed","sticky":false,"template":"","format":"standard","meta":{"_acf_changed":false,"footnotes":""},"categories":[34],"tags":[],"class_list":["post-340","post","type-post","status-publish","format-standard","has-post-thumbnail","hentry","category-news","cat-34-id"],"acf":[],"_links":{"self":[{"href":"https:\/\/www.rofa-group.com\/moll\/wp-json\/wp\/v2\/posts\/340","targetHints":{"allow":["GET"]}}],"collection":[{"href":"https:\/\/www.rofa-group.com\/moll\/wp-json\/wp\/v2\/posts"}],"about":[{"href":"https:\/\/www.rofa-group.com\/moll\/wp-json\/wp\/v2\/types\/post"}],"author":[{"embeddable":true,"href":"https:\/\/www.rofa-group.com\/moll\/wp-json\/wp\/v2\/users\/1"}],"replies":[{"embeddable":true,"href":"https:\/\/www.rofa-group.com\/moll\/wp-json\/wp\/v2\/comments?post=340"}],"version-history":[{"count":4,"href":"https:\/\/www.rofa-group.com\/moll\/wp-json\/wp\/v2\/posts\/340\/revisions"}],"predecessor-version":[{"id":346,"href":"https:\/\/www.rofa-group.com\/moll\/wp-json\/wp\/v2\/posts\/340\/revisions\/346"}],"wp:featuredmedia":[{"embeddable":true,"href":"https:\/\/www.rofa-group.com\/moll\/wp-json\/wp\/v2\/media\/341"}],"wp:attachment":[{"href":"https:\/\/www.rofa-group.com\/moll\/wp-json\/wp\/v2\/media?parent=340"}],"wp:term":[{"taxonomy":"category","embeddable":true,"href":"https:\/\/www.rofa-group.com\/moll\/wp-json\/wp\/v2\/categories?post=340"},{"taxonomy":"post_tag","embeddable":true,"href":"https:\/\/www.rofa-group.com\/moll\/wp-json\/wp\/v2\/tags?post=340"}],"curies":[{"name":"wp","href":"https:\/\/api.w.org\/{rel}","templated":true}]}}