{"id":2116,"date":"2024-07-10T10:54:04","date_gmt":"2024-07-10T08:54:04","guid":{"rendered":"https:\/\/www.rofa-group.com\/dls\/?p=2116"},"modified":"2024-07-10T16:08:30","modified_gmt":"2024-07-10T14:08:30","slug":"25-jahriges-jubilaum-der-dynamic-logistic-systems-b-v","status":"publish","type":"post","link":"https:\/\/www.rofa-group.com\/dls\/news\/25-jahriges-jubilaum-der-dynamic-logistic-systems-b-v\/","title":{"rendered":"25-j\u00e4hriges Jubil\u00e4um der Dynamic Logistic Systems B.V."},"content":{"rendered":"\t\t<div data-elementor-type=\"wp-post\" data-elementor-id=\"2116\" class=\"elementor elementor-2116\" data-elementor-post-type=\"post\">\n\t\t\t\t\t\t<section class=\"elementor-section elementor-top-section elementor-element elementor-element-7506d99 elementor-section-boxed elementor-section-height-default elementor-section-height-default\" data-id=\"7506d99\" data-element_type=\"section\" data-e-type=\"section\">\n\t\t\t\t\t\t<div class=\"elementor-container elementor-column-gap-default\">\n\t\t\t\t\t<div class=\"elementor-column elementor-col-100 elementor-top-column elementor-element elementor-element-cac76cc\" data-id=\"cac76cc\" data-element_type=\"column\" data-e-type=\"column\">\n\t\t\t<div class=\"elementor-widget-wrap elementor-element-populated\">\n\t\t\t\t\t\t<div class=\"elementor-element elementor-element-776fc99 elementor-widget elementor-widget-heading\" data-id=\"776fc99\" data-element_type=\"widget\" data-e-type=\"widget\" data-widget_type=\"heading.default\">\n\t\t\t\t<div class=\"elementor-widget-container\">\n\t\t\t\t\t<h1 class=\"elementor-heading-title elementor-size-default\">25-j\u00e4hriges Jubil\u00e4um der Dynamic Logistic Systems B.V.<\/h1>\t\t\t\t<\/div>\n\t\t\t\t<\/div>\n\t\t\t\t<section class=\"elementor-section elementor-inner-section elementor-element elementor-element-8507947 elementor-section-boxed elementor-section-height-default elementor-section-height-default\" data-id=\"8507947\" data-element_type=\"section\" data-e-type=\"section\">\n\t\t\t\t\t\t<div class=\"elementor-container elementor-column-gap-no\">\n\t\t\t\t\t<div class=\"elementor-column elementor-col-50 elementor-inner-column elementor-element elementor-element-187ee7d\" data-id=\"187ee7d\" data-element_type=\"column\" data-e-type=\"column\">\n\t\t\t<div class=\"elementor-widget-wrap elementor-element-populated\">\n\t\t\t\t\t\t<div class=\"elementor-element elementor-element-f71e8ad elementor-widget elementor-widget-image\" data-id=\"f71e8ad\" data-element_type=\"widget\" data-e-type=\"widget\" data-widget_type=\"image.default\">\n\t\t\t\t<div class=\"elementor-widget-container\">\n\t\t\t\t\t\t\t\t\t\t\t\t\t\t\t<img fetchpriority=\"high\" decoding=\"async\" width=\"800\" height=\"608\" src=\"https:\/\/www.rofa-group.com\/dls\/wp-content\/uploads\/sites\/7\/25-jahre-dls.jpg\" class=\"attachment-large size-large wp-image-2117\" alt=\"25 Jahre DLS Jubil\u00e4um\" srcset=\"https:\/\/www.rofa-group.com\/dls\/wp-content\/uploads\/sites\/7\/25-jahre-dls.jpg 800w, https:\/\/www.rofa-group.com\/dls\/wp-content\/uploads\/sites\/7\/25-jahre-dls-300x228.jpg 300w, https:\/\/www.rofa-group.com\/dls\/wp-content\/uploads\/sites\/7\/25-jahre-dls-768x584.jpg 768w\" sizes=\"(max-width: 800px) 100vw, 800px\" \/>\t\t\t\t\t\t\t\t\t\t\t\t\t\t\t<\/div>\n\t\t\t\t<\/div>\n\t\t\t\t\t<\/div>\n\t\t<\/div>\n\t\t\t\t<div class=\"elementor-column elementor-col-50 elementor-inner-column elementor-element elementor-element-d4999c7\" data-id=\"d4999c7\" data-element_type=\"column\" data-e-type=\"column\">\n\t\t\t<div class=\"elementor-widget-wrap elementor-element-populated\">\n\t\t\t\t\t\t<div class=\"elementor-element elementor-element-65f2108 elementor-widget elementor-widget-text-editor\" data-id=\"65f2108\" data-element_type=\"widget\" data-e-type=\"widget\" data-widget_type=\"text-editor.default\">\n\t\t\t\t<div class=\"elementor-widget-container\">\n\t\t\t\t\t\t\t\t\t<p><strong>Seit der Gr\u00fcndung im Jahr 1999 hat sich die Dynamic Logistic Systems B.V. zu einem renommierten Anbieter von Intralogistik Subsystemen entwickelt, gepr\u00e4gt von Pioniergeist und dem Bestreben auch h\u00f6chsten Anforderungen gerecht zu werden.<\/strong><\/p><p>Die Firmengeschichte geht zur\u00fcck ins Jahr 1997, als Herr R.R. Hollander, Mitbegr\u00fcnder der Nedcon Magazijninrichting B.V., eine wegweisende Anfrage von Albert Heijn, dem gr\u00f6\u00dften Lebensmittelh\u00e4ndler in den Niederlanden, erhielt. Dabei handelte es sich um die Entwicklung einer automatisierten L\u00f6sung f\u00fcr die Kommissionierung von Lebensmitteln im Umkarton. Genau das legte den Grundstein f\u00fcr das Order Release Module (ORM) und letztendlich auch f\u00fcr die Gr\u00fcndung von Dynamic Logistic Systems im Jahr 1999. Die ersten beiden ORM&#8217;s, die 2002 und 2005 bei Albert Heijn realisiert wurden, erwiesen sich als \u00e4u\u00dferst effizient und best\u00e4ndig und sind bis heute voll funktionsf\u00e4hig. Der Erfolg bei Albert Heijn in den Niederlanden f\u00fchrte zu weiteren Auftr\u00e4gen von ICA, der ehemaligen Schwesterfirma von Albert Heijn in Schweden, wo in den Jahren 2006 und 2007 weitere drei ORM&#8217;s errichtet wurden.<\/p>\t\t\t\t\t\t\t\t<\/div>\n\t\t\t\t<\/div>\n\t\t\t\t\t<\/div>\n\t\t<\/div>\n\t\t\t\t\t<\/div>\n\t\t<\/section>\n\t\t\t\t<section class=\"elementor-section elementor-inner-section elementor-element elementor-element-ad4c8a2 elementor-section-boxed elementor-section-height-default elementor-section-height-default\" data-id=\"ad4c8a2\" data-element_type=\"section\" data-e-type=\"section\">\n\t\t\t\t\t\t<div class=\"elementor-container elementor-column-gap-no\">\n\t\t\t\t\t<div class=\"elementor-column elementor-col-50 elementor-inner-column elementor-element elementor-element-8ec351b\" data-id=\"8ec351b\" data-element_type=\"column\" data-e-type=\"column\">\n\t\t\t<div class=\"elementor-widget-wrap elementor-element-populated\">\n\t\t\t\t\t\t<div class=\"elementor-element elementor-element-3fb097d elementor-widget elementor-widget-text-editor\" data-id=\"3fb097d\" data-element_type=\"widget\" data-e-type=\"widget\" data-widget_type=\"text-editor.default\">\n\t\t\t\t<div class=\"elementor-widget-container\">\n\t\t\t\t\t\t\t\t\t<p>Seit diesen wegweisenden Projekten hat sich DLS kontinuierlich weiterentwickelt. Das ORM wurde optimiert und das DLS-Portfolio ist um eine Vielzahl an effizienten L\u00f6sungen f\u00fcr die Materialhandhabung gewachsen. Vom akkumulierenden Friction-Drive\u2122 F\u00f6rderer und dem revolution\u00e4ren DLS-Trolley bis hin zum Sequenzierer f\u00fcr Hochgeschwindigkeitssortierung, einschlie\u00dflich dem DLS 90-Grad Eckumsetzer, simplifizieren die Produkte von DLS die Anforderungen in der Intralogistik und gew\u00e4hrleisten gleichzeitig maximale Effizienz und Qualit\u00e4t.<\/p><p>Ein ma\u00dfgeblicher Schritt in der Unternehmensentwicklung der DLS war der Beitritt zur ROFA INDUSTRIAL AUTOMATION Group im Jahr 2015. Durch die Zusammenarbeit mit dem US-Vertriebspartner DMW&amp;H ab 2018 konnte das Netzwerk ausgebaut werden und etablierte die innovativen DLS-Produkte auf dem US-Markt.<\/p>\t\t\t\t\t\t\t\t<\/div>\n\t\t\t\t<\/div>\n\t\t\t\t\t<\/div>\n\t\t<\/div>\n\t\t\t\t<div class=\"elementor-column elementor-col-50 elementor-inner-column elementor-element elementor-element-d5e7acf\" data-id=\"d5e7acf\" data-element_type=\"column\" data-e-type=\"column\">\n\t\t\t<div class=\"elementor-widget-wrap elementor-element-populated\">\n\t\t\t\t\t\t<div class=\"elementor-element elementor-element-5bdd288 elementor-widget elementor-widget-image\" data-id=\"5bdd288\" data-element_type=\"widget\" data-e-type=\"widget\" data-widget_type=\"image.default\">\n\t\t\t\t<div class=\"elementor-widget-container\">\n\t\t\t\t\t\t\t\t\t\t\t\t\t\t\t<img decoding=\"async\" width=\"800\" height=\"473\" src=\"https:\/\/www.rofa-group.com\/dls\/wp-content\/uploads\/sites\/7\/dls-team.jpg\" class=\"attachment-large size-large wp-image-2119\" alt=\"DLS Team\" srcset=\"https:\/\/www.rofa-group.com\/dls\/wp-content\/uploads\/sites\/7\/dls-team.jpg 800w, https:\/\/www.rofa-group.com\/dls\/wp-content\/uploads\/sites\/7\/dls-team-300x177.jpg 300w, https:\/\/www.rofa-group.com\/dls\/wp-content\/uploads\/sites\/7\/dls-team-768x454.jpg 768w\" sizes=\"(max-width: 800px) 100vw, 800px\" \/>\t\t\t\t\t\t\t\t\t\t\t\t\t\t\t<\/div>\n\t\t\t\t<\/div>\n\t\t\t\t\t<\/div>\n\t\t<\/div>\n\t\t\t\t\t<\/div>\n\t\t<\/section>\n\t\t\t\t<section class=\"elementor-section elementor-inner-section elementor-element elementor-element-8c0be0f elementor-section-boxed elementor-section-height-default elementor-section-height-default\" data-id=\"8c0be0f\" data-element_type=\"section\" data-e-type=\"section\">\n\t\t\t\t\t\t<div class=\"elementor-container elementor-column-gap-no\">\n\t\t\t\t\t<div class=\"elementor-column elementor-col-100 elementor-inner-column elementor-element elementor-element-d9d3845\" data-id=\"d9d3845\" data-element_type=\"column\" data-e-type=\"column\">\n\t\t\t<div class=\"elementor-widget-wrap elementor-element-populated\">\n\t\t\t\t\t\t<div class=\"elementor-element elementor-element-86d17ba elementor-widget elementor-widget-text-editor\" data-id=\"86d17ba\" data-element_type=\"widget\" data-e-type=\"widget\" data-widget_type=\"text-editor.default\">\n\t\t\t\t<div class=\"elementor-widget-container\">\n\t\t\t\t\t\t\t\t\t<p>R\u00fcckblickend auf 25 Jahre Wachstum, Best\u00e4ndigkeit und Innovation m\u00f6chten wir unseren aufrichtigen Dank an unsere Kunden, Partner und Teammitglieder aussprechen, die eine entscheidende Rolle in unserer Erfolgsgeschichte gespielt haben. Ihr Vertrauen und Ihre Unterst\u00fctzung haben unsere Reise befl\u00fcgelt und uns inspiriert, die Grenzen des M\u00f6glichen in der Intralogistik kontinuierlich zu erweitern.<\/p>\n<p><b>Feiern Sie mit uns die vergangenen 25 Jahre und lassen Sie uns gemeinsam mit Optimismus und Zuversicht in die Zukunft blicken.<br>Vielen Dank, dass Sie Teil unseres Erfolgs sind!<\/b><\/p>\t\t\t\t\t\t\t\t<\/div>\n\t\t\t\t<\/div>\n\t\t\t\t\t<\/div>\n\t\t<\/div>\n\t\t\t\t\t<\/div>\n\t\t<\/section>\n\t\t\t\t\t<\/div>\n\t\t<\/div>\n\t\t\t\t\t<\/div>\n\t\t<\/section>\n\t\t\t\t<\/div>\n\t\t","protected":false},"excerpt":{"rendered":"<p>Seit der Gr\u00fcndung im Jahr 1999 hat sich die Dynamic Logistic Systems B.V. zu einem renommierten Anbieter von Intralogistik Subsystemen entwickelt, gepr\u00e4gt von Pioniergeist und dem Bestreben auch h\u00f6chsten Anforderungen gerecht zu werden. Die Firmengeschichte geht zur\u00fcck ins Jahr 1997, als Herr R.R. Hollander, Mitbegr\u00fcnder der Nedcon Magazijninrichting B.V., eine wegweisende Anfrage von Albert Heijn, [&hellip;]<\/p>\n","protected":false},"author":1,"featured_media":2117,"comment_status":"closed","ping_status":"closed","sticky":false,"template":"","format":"standard","meta":{"_acf_changed":false,"footnotes":""},"categories":[19],"tags":[111],"class_list":["post-2116","post","type-post","status-publish","format-standard","has-post-thumbnail","hentry","category-news","tag-dls-start-de","cat-19-id"],"acf":[],"_links":{"self":[{"href":"https:\/\/www.rofa-group.com\/dls\/wp-json\/wp\/v2\/posts\/2116","targetHints":{"allow":["GET"]}}],"collection":[{"href":"https:\/\/www.rofa-group.com\/dls\/wp-json\/wp\/v2\/posts"}],"about":[{"href":"https:\/\/www.rofa-group.com\/dls\/wp-json\/wp\/v2\/types\/post"}],"author":[{"embeddable":true,"href":"https:\/\/www.rofa-group.com\/dls\/wp-json\/wp\/v2\/users\/1"}],"replies":[{"embeddable":true,"href":"https:\/\/www.rofa-group.com\/dls\/wp-json\/wp\/v2\/comments?post=2116"}],"version-history":[{"count":4,"href":"https:\/\/www.rofa-group.com\/dls\/wp-json\/wp\/v2\/posts\/2116\/revisions"}],"predecessor-version":[{"id":2123,"href":"https:\/\/www.rofa-group.com\/dls\/wp-json\/wp\/v2\/posts\/2116\/revisions\/2123"}],"wp:featuredmedia":[{"embeddable":true,"href":"https:\/\/www.rofa-group.com\/dls\/wp-json\/wp\/v2\/media\/2117"}],"wp:attachment":[{"href":"https:\/\/www.rofa-group.com\/dls\/wp-json\/wp\/v2\/media?parent=2116"}],"wp:term":[{"taxonomy":"category","embeddable":true,"href":"https:\/\/www.rofa-group.com\/dls\/wp-json\/wp\/v2\/categories?post=2116"},{"taxonomy":"post_tag","embeddable":true,"href":"https:\/\/www.rofa-group.com\/dls\/wp-json\/wp\/v2\/tags?post=2116"}],"curies":[{"name":"wp","href":"https:\/\/api.w.org\/{rel}","templated":true}]}}